{"id":31629,"date":"2026-02-19T12:53:34","date_gmt":"2026-02-19T18:53:34","guid":{"rendered":"https:\/\/aldinedistrict.org\/2026\/02\/north-central-secondary-celebra-su-20o-aniversario\/"},"modified":"2026-02-19T12:53:34","modified_gmt":"2026-02-19T18:53:34","slug":"north-central-secondary-celebra-su-20o-aniversario","status":"publish","type":"post","link":"https:\/\/aldinedistrict.org\/es\/2026\/02\/north-central-secondary-celebra-su-20o-aniversario\/","title":{"rendered":"North Central Secondary celebra su 20\u00ba aniversario"},"content":{"rendered":"<p>North Central Secondary est\u00e1 encantado de extender su m\u00e1s c\u00e1lida invitaci\u00f3n a todos para un evento espectacular: \u00a1la celebraci\u00f3n del 20\u00ba aniversario del colegio! Es un hito extraordinario, y est\u00e1n encantados de conmemorar este viaje de crecimiento, educaci\u00f3n y participaci\u00f3n comunitaria. <\/p>\n<p>Si est\u00e1s interesado en participar como vendedor en la pr\u00f3xima celebraci\u00f3n del 20\u00ba aniversario, haz clic en el <a href=\"https:\/\/forms.office.com\/r\/giiLRwjdGV\" target=\"_blank\" rel=\"noopener\">enlace https:\/\/forms.office.com\/r\/giiLRwjdGV<\/a>. Para m\u00e1s informaci\u00f3n, contacta <a href=\"mailto:Teresa.Resendiz@yesprep.org\">con Teresa.Resendiz@yesprep.org<\/a> <\/p>\n<p><img decoding=\"async\" class=\"alignnone wp-image-19854\" src=\"https:\/\/aldinedistrict.org\/wp-content\/uploads\/2023\/10\/20-years.png\" alt=\"\" width=\"928\" height=\"873\" srcset=\"https:\/\/aldinedistrict.org\/wp-content\/uploads\/2023\/10\/20-years-200x188.png 200w, https:\/\/aldinedistrict.org\/wp-content\/uploads\/2023\/10\/20-years-300x282.png 300w, https:\/\/aldinedistrict.org\/wp-content\/uploads\/2023\/10\/20-years-400x376.png 400w, https:\/\/aldinedistrict.org\/wp-content\/uploads\/2023\/10\/20-years-600x564.png 600w, https:\/\/aldinedistrict.org\/wp-content\/uploads\/2023\/10\/20-years-768x722.png 768w, https:\/\/aldinedistrict.org\/wp-content\/uploads\/2023\/10\/20-years-800x753.png 800w, https:\/\/aldinedistrict.org\/wp-content\/uploads\/2023\/10\/20-years.png 928w\" sizes=\"(max-width: 928px) 100vw, 928px\" \/><\/p>\n","protected":false},"excerpt":{"rendered":"<p>North Central Secondary est\u00e1 encantado de extender su m\u00e1s c\u00e1lida invitaci\u00f3n a todos para un evento espectacular: \u00a1la celebraci\u00f3n del 20\u00ba aniversario del colegio! Es un hito extraordinario, y est\u00e1n encantados de conmemorar este viaje de crecimiento, educaci\u00f3n y participaci\u00f3n comunitaria. Si est\u00e1s interesado en participar como vendedor en la pr\u00f3xima celebraci\u00f3n del 20\u00ba aniversario,  [&#8230;]<\/p>\n","protected":false},"author":6,"featured_media":19855,"comment_status":"open","ping_status":"open","sticky":false,"template":"","format":"standard","meta":{"ngg_post_thumbnail":0,"footnotes":""},"categories":[463,465],"tags":[],"class_list":["post-31629","post","type-post","status-publish","format-standard","has-post-thumbnail","hentry","category-comunidad","category-eventos"],"publishpress_future_action":{"enabled":false,"date":"2026-09-06 23:46:08","action":"change-status","newStatus":"draft","terms":[],"taxonomy":"category","extraData":[]},"publishpress_future_workflow_manual_trigger":{"enabledWorkflows":[]},"_links":{"self":[{"href":"https:\/\/aldinedistrict.org\/es\/wp-json\/wp\/v2\/posts\/31629","targetHints":{"allow":["GET"]}}],"collection":[{"href":"https:\/\/aldinedistrict.org\/es\/wp-json\/wp\/v2\/posts"}],"about":[{"href":"https:\/\/aldinedistrict.org\/es\/wp-json\/wp\/v2\/types\/post"}],"author":[{"embeddable":true,"href":"https:\/\/aldinedistrict.org\/es\/wp-json\/wp\/v2\/users\/6"}],"replies":[{"embeddable":true,"href":"https:\/\/aldinedistrict.org\/es\/wp-json\/wp\/v2\/comments?post=31629"}],"version-history":[{"count":0,"href":"https:\/\/aldinedistrict.org\/es\/wp-json\/wp\/v2\/posts\/31629\/revisions"}],"wp:featuredmedia":[{"embeddable":true,"href":"https:\/\/aldinedistrict.org\/es\/wp-json\/wp\/v2\/media\/19855"}],"wp:attachment":[{"href":"https:\/\/aldinedistrict.org\/es\/wp-json\/wp\/v2\/media?parent=31629"}],"wp:term":[{"taxonomy":"category","embeddable":true,"href":"https:\/\/aldinedistrict.org\/es\/wp-json\/wp\/v2\/categories?post=31629"},{"taxonomy":"post_tag","embeddable":true,"href":"https:\/\/aldinedistrict.org\/es\/wp-json\/wp\/v2\/tags?post=31629"}],"curies":[{"name":"wp","href":"https:\/\/api.w.org\/{rel}","templated":true}]}}